{"id":912,"date":"2021-12-03T21:17:49","date_gmt":"2021-12-03T19:17:49","guid":{"rendered":"https:\/\/paivitys.rauhanyhdistys.fi\/jyvaskyla\/?p=912"},"modified":"2021-12-08T19:34:01","modified_gmt":"2021-12-08T17:34:01","slug":"tapahtumajarjestelyt-6-12-2021-alkaen","status":"publish","type":"post","link":"https:\/\/paivitys.rauhanyhdistys.fi\/jyvaskyla\/2021\/12\/03\/tapahtumajarjestelyt-6-12-2021-alkaen\/","title":{"rendered":"Tapahtumaj\u00e4rjestelyt 6.12.2021 alkaen"},"content":{"rendered":"<p>Keski-Suomen alue on koronan levi\u00e4misvaiheessa. Avi on asettanut alueelle rajoituksia 6.12.2021.<\/p>\n<p><a href=\"https:\/\/www.paivamies.fi\/uutiset\/srkn-tiedote-2122021-viranomaisvastaus-koskien-rauhanyhdistysten-jarjestamia-seuratilaisuuksia-6.42.12287.11a31510b4\">Viranomaisohjeiden<\/a> mukaisesti rauhanyhdistyksen toiminnassa otetaan k\u00e4ytt\u00f6\u00f6n koronapassi yli 50 henkil\u00f6n kokoontumisissa 6.12.2021 alkaen. Koronapassia edellytet\u00e4\u00e4n kaikilta 16-vuotiailta ja sit\u00e4 vanhemmilta tilaisuuksiin osallistuvilta.<\/p>\n<p>Tapahtumiin tulee edelleen ilmoittautua, ja rauhanyhdistyksen tiloissa henkil\u00f6m\u00e4\u00e4r\u00e4 saa olla maksimissaan 500. Voimassa on vahva maskisuositus.<\/p>\n<p>Koronapassi on k\u00e4yt\u00f6ss\u00e4 5.1.2022 saakka, ja mahdollisista muutoksista ilmoitetaan rauhanyhdistyksen verkkosivuilla.<\/p>\n<p>Hankithan koronapassin ennen tilaisuutta. Passin voi<a href=\"https:\/\/www.kanta.fi\/koronatodistus\"> ladata <\/a>puhelimeen tai tulostaa paperille.<\/p>\n<p>Lis\u00e4tietoja ty\u00f6vuoroon osallistuville <a href=\"https:\/\/avi.fi\/usein-kysyttya-koronaviruksesta#item-XFQUjikz9Cd3-98795949\">aluehallintaviraston sivuilla.<\/a><\/p>\n<p>&nbsp;<\/p>\n<p>P\u00e4ivitetty 8.12.<\/p>\n","protected":false},"excerpt":{"rendered":"<p>Keski-Suomen alue on koronan levi\u00e4misvaiheessa. Avi on asettanut alueelle rajoituksia 6.12.2021. Viranomaisohjeiden mukaisesti rauhanyhdistyksen toiminnassa otetaan k\u00e4ytt\u00f6\u00f6n koronapassi yli 50 henkil\u00f6n kokoontumisissa 6.12.2021 alkaen. Koronapassia edellytet\u00e4\u00e4n kaikilta 16-vuotiailta ja sit\u00e4 vanhemmilta tilaisuuksiin osallistuvilta. Tapahtumiin tulee edelleen ilmoittautua, ja rauhanyhdistyksen tiloissa henkil\u00f6m\u00e4\u00e4r\u00e4 saa olla maksimissaan 500. Voimassa on vahva maskisuositus. Koronapassi &#8230;<\/p>\n","protected":false},"author":118,"featured_media":0,"comment_status":"closed","ping_status":"open","sticky":false,"template":"","format":"standard","meta":{"footnotes":""},"categories":[1],"tags":[],"class_list":["post-912","post","type-post","status-publish","format-standard","hentry","category-ajankohtaista"],"_links":{"self":[{"href":"https:\/\/paivitys.rauhanyhdistys.fi\/jyvaskyla\/wp-json\/wp\/v2\/posts\/912","targetHints":{"allow":["GET"]}}],"collection":[{"href":"https:\/\/paivitys.rauhanyhdistys.fi\/jyvaskyla\/wp-json\/wp\/v2\/posts"}],"about":[{"href":"https:\/\/paivitys.rauhanyhdistys.fi\/jyvaskyla\/wp-json\/wp\/v2\/types\/post"}],"author":[{"embeddable":true,"href":"https:\/\/paivitys.rauhanyhdistys.fi\/jyvaskyla\/wp-json\/wp\/v2\/users\/118"}],"replies":[{"embeddable":true,"href":"https:\/\/paivitys.rauhanyhdistys.fi\/jyvaskyla\/wp-json\/wp\/v2\/comments?post=912"}],"version-history":[{"count":5,"href":"https:\/\/paivitys.rauhanyhdistys.fi\/jyvaskyla\/wp-json\/wp\/v2\/posts\/912\/revisions"}],"predecessor-version":[{"id":927,"href":"https:\/\/paivitys.rauhanyhdistys.fi\/jyvaskyla\/wp-json\/wp\/v2\/posts\/912\/revisions\/927"}],"wp:attachment":[{"href":"https:\/\/paivitys.rauhanyhdistys.fi\/jyvaskyla\/wp-json\/wp\/v2\/media?parent=912"}],"wp:term":[{"taxonomy":"category","embeddable":true,"href":"https:\/\/paivitys.rauhanyhdistys.fi\/jyvaskyla\/wp-json\/wp\/v2\/categories?post=912"},{"taxonomy":"post_tag","embeddable":true,"href":"https:\/\/paivitys.rauhanyhdistys.fi\/jyvaskyla\/wp-json\/wp\/v2\/tags?post=912"}],"curies":[{"name":"wp","href":"https:\/\/api.w.org\/{rel}","templated":true}]}}