{"id":836,"date":"2021-09-02T23:07:05","date_gmt":"2021-09-02T20:07:05","guid":{"rendered":"https:\/\/paivitys.rauhanyhdistys.fi\/jyvaskyla\/?p=836"},"modified":"2021-09-02T23:07:05","modified_gmt":"2021-09-02T20:07:05","slug":"836","status":"publish","type":"post","link":"https:\/\/paivitys.rauhanyhdistys.fi\/jyvaskyla\/2021\/09\/02\/836\/","title":{"rendered":""},"content":{"rendered":"<p><a href=\"https:\/\/forms.gle\/PUoFaS6n5GX6X4838\"><img decoding=\"async\" class=\"alignnone  wp-image-837\" src=\"https:\/\/paivitys.rauhanyhdistys.fi\/jyvaskyla\/wp-content\/uploads\/sites\/85\/2021\/09\/syysmyyjaiset_2021-212x300.jpeg\" alt=\"\" width=\"565\" height=\"800\" srcset=\"https:\/\/paivitys.rauhanyhdistys.fi\/jyvaskyla\/wp-content\/uploads\/sites\/85\/2021\/09\/syysmyyjaiset_2021-200x283.jpeg 200w, https:\/\/paivitys.rauhanyhdistys.fi\/jyvaskyla\/wp-content\/uploads\/sites\/85\/2021\/09\/syysmyyjaiset_2021-212x300.jpeg 212w, https:\/\/paivitys.rauhanyhdistys.fi\/jyvaskyla\/wp-content\/uploads\/sites\/85\/2021\/09\/syysmyyjaiset_2021-400x566.jpeg 400w, https:\/\/paivitys.rauhanyhdistys.fi\/jyvaskyla\/wp-content\/uploads\/sites\/85\/2021\/09\/syysmyyjaiset_2021-600x849.jpeg 600w, https:\/\/paivitys.rauhanyhdistys.fi\/jyvaskyla\/wp-content\/uploads\/sites\/85\/2021\/09\/syysmyyjaiset_2021-724x1024.jpeg 724w, https:\/\/paivitys.rauhanyhdistys.fi\/jyvaskyla\/wp-content\/uploads\/sites\/85\/2021\/09\/syysmyyjaiset_2021-768x1086.jpeg 768w, https:\/\/paivitys.rauhanyhdistys.fi\/jyvaskyla\/wp-content\/uploads\/sites\/85\/2021\/09\/syysmyyjaiset_2021-800x1132.jpeg 800w, https:\/\/paivitys.rauhanyhdistys.fi\/jyvaskyla\/wp-content\/uploads\/sites\/85\/2021\/09\/syysmyyjaiset_2021-1086x1536.jpeg 1086w, https:\/\/paivitys.rauhanyhdistys.fi\/jyvaskyla\/wp-content\/uploads\/sites\/85\/2021\/09\/syysmyyjaiset_2021.jpeg 1131w\" sizes=\"(max-width: 565px) 100vw, 565px\" \/><\/a><\/p>\n<p>Tuotteiden varaus netiss\u00e4 12.9.2021 menness\u00e4. <a href=\"https:\/\/forms.gle\/PUoFaS6n5GX6X4838\">Varauslomakkeelle p\u00e4\u00e4set t\u00e4st\u00e4.<\/a> Tuotteita tarjolla rajoitettu m\u00e4\u00e4r\u00e4.<br \/>\nTuotteiden nouto rauhanyhdistykselt\u00e4 18.9.2021 klo 15-17. Tulethan maskin kanssa, turvav\u00e4lit huomioiden!<\/p>\n","protected":false},"excerpt":{"rendered":"<p>Tuotteiden varaus netiss\u00e4 12.9.2021 menness\u00e4. Varauslomakkeelle p\u00e4\u00e4set t\u00e4st\u00e4. Tuotteita tarjolla rajoitettu m\u00e4\u00e4r\u00e4. Tuotteiden nouto rauhanyhdistykselt\u00e4 18.9.2021 klo 15-17. Tulethan maskin kanssa, turvav\u00e4lit huomioiden!<\/p>\n","protected":false},"author":118,"featured_media":0,"comment_status":"closed","ping_status":"open","sticky":false,"template":"","format":"standard","meta":{"footnotes":""},"categories":[1],"tags":[],"class_list":["post-836","post","type-post","status-publish","format-standard","hentry","category-ajankohtaista"],"_links":{"self":[{"href":"https:\/\/paivitys.rauhanyhdistys.fi\/jyvaskyla\/wp-json\/wp\/v2\/posts\/836","targetHints":{"allow":["GET"]}}],"collection":[{"href":"https:\/\/paivitys.rauhanyhdistys.fi\/jyvaskyla\/wp-json\/wp\/v2\/posts"}],"about":[{"href":"https:\/\/paivitys.rauhanyhdistys.fi\/jyvaskyla\/wp-json\/wp\/v2\/types\/post"}],"author":[{"embeddable":true,"href":"https:\/\/paivitys.rauhanyhdistys.fi\/jyvaskyla\/wp-json\/wp\/v2\/users\/118"}],"replies":[{"embeddable":true,"href":"https:\/\/paivitys.rauhanyhdistys.fi\/jyvaskyla\/wp-json\/wp\/v2\/comments?post=836"}],"version-history":[{"count":1,"href":"https:\/\/paivitys.rauhanyhdistys.fi\/jyvaskyla\/wp-json\/wp\/v2\/posts\/836\/revisions"}],"predecessor-version":[{"id":838,"href":"https:\/\/paivitys.rauhanyhdistys.fi\/jyvaskyla\/wp-json\/wp\/v2\/posts\/836\/revisions\/838"}],"wp:attachment":[{"href":"https:\/\/paivitys.rauhanyhdistys.fi\/jyvaskyla\/wp-json\/wp\/v2\/media?parent=836"}],"wp:term":[{"taxonomy":"category","embeddable":true,"href":"https:\/\/paivitys.rauhanyhdistys.fi\/jyvaskyla\/wp-json\/wp\/v2\/categories?post=836"},{"taxonomy":"post_tag","embeddable":true,"href":"https:\/\/paivitys.rauhanyhdistys.fi\/jyvaskyla\/wp-json\/wp\/v2\/tags?post=836"}],"curies":[{"name":"wp","href":"https:\/\/api.w.org\/{rel}","templated":true}]}}