{"id":812,"date":"2021-06-28T00:01:37","date_gmt":"2021-06-27T21:01:37","guid":{"rendered":"https:\/\/paivitys.rauhanyhdistys.fi\/jyvaskyla\/?p=812"},"modified":"2021-06-18T19:53:15","modified_gmt":"2021-06-18T16:53:15","slug":"kesalla-2021-suviseurat-ja-opistoseurat-jarjestetaan-radiossa-ja-verkossa","status":"publish","type":"post","link":"https:\/\/paivitys.rauhanyhdistys.fi\/jyvaskyla\/2021\/06\/28\/kesalla-2021-suviseurat-ja-opistoseurat-jarjestetaan-radiossa-ja-verkossa\/","title":{"rendered":"Kes\u00e4ll\u00e4 2021 Suviseurat ja opistoseurat j\u00e4rjestet\u00e4\u00e4n radiossa ja verkossa"},"content":{"rendered":"<div class=\"\" dir=\"auto\">\n<div id=\"jsc_c_s\" class=\"ecm0bbzt hv4rvrfc ihqw7lf3 dati1w0a\" data-ad-comet-preview=\"message\" data-ad-preview=\"message\">\n<div class=\"j83agx80 cbu4d94t ew0dbk1b irj2b8pg\">\n<div class=\"qzhwtbm6 knvmm38d\">\n<div class=\"kvgmc6g5 cxmmr5t8 oygrvhab hcukyx3x c1et5uql ii04i59q\">\n<div dir=\"auto\">\n<p>Kes\u00e4seuraradion taajuus Jyv\u00e4skyl\u00e4ss\u00e4 on 98,8 MHz, muut taajuudet n\u00e4et <a href=\"https:\/\/www.kesaseuraradio.fi\/taajuudet\/\">t\u00e4\u00e4lt\u00e4<\/a>. L\u00e4hetyst\u00e4 voi kuunnella my\u00f6s <a href=\"https:\/\/www.kesaseuraradio.fi\/nettiradio\/\">nettiradiosta<\/a> sek\u00e4 Youtubessa <a href=\"https:\/\/www.youtube.com\/channel\/UCCIml4_G3xEIvxxMaESWN6Q\">SRKnyt-kanavalta<\/a>.<\/p>\n<\/div>\n<\/div>\n<\/div>\n<\/div>\n<\/div>\n<\/div>\n<p>Kanavan t\u00e4rkeint\u00e4 ohjelmasis\u00e4lt\u00f6\u00e4 ovat seurapuheet, virret ja laulut. Seurojen v\u00e4liajalla l\u00e4hetett\u00e4v\u00e4t ohjelmat tukevat uskosta nousevaa opetusta ja el\u00e4m\u00e4\u00e4. Kes\u00e4seuraradiosta kuulet Suviseurat Reisj\u00e4rvelt\u00e4 ja opistoseurat J\u00e4ms\u00e4st\u00e4, Ranualta ja Reisj\u00e4rvelt\u00e4 sek\u00e4 l\u00e4hetykset sisarj\u00e4rjest\u00f6jen LLC:n ja SCF:n j\u00e4rjest\u00e4mist\u00e4 seuroista Pohjois-Amerikasta ja Ruotsista. Kes\u00e4ll\u00e4 2021 FM-radiol\u00e4hetyst\u00e4 voi kuunnella 30.6.\u20139.8.2021.<\/p>\n<p>V\u00e4liviikkoina l\u00e4hetys on p\u00e4ivitt\u00e4in klo 14\u201320. Ohjelma koostuu arkistosaarnoista, Raamatun luennasta, juonnetusta musiikista ja ohjelmauusinnoista. L\u00e4hetyksen p\u00e4\u00e4tteeksi kuullaan iltahartaus. Arkistosaarnat on nauhoitettu aiemmissa Suviseuroissa, opistoseuroissa sek\u00e4 paikallisten rauhanyhdistysten seuroissa. Saarnat ovat kuunneltavissa\u00a0<a href=\"https:\/\/srk.fi\/fi\/toimintamuodot\/seurat\/saarna-arkisto\/\">saarna-arkistosta<\/a>.<\/p>\n<p>Kes\u00e4seuraradio toivoo kuulijoiden toiveita, palautteita ja ideoita. Kerro, mit\u00e4 sin\u00e4 tykk\u00e4\u00e4t kuunnella! L\u00e4het\u00e4 toiveesi\u00a0<a href=\"mailto:radio@srk.fi\">radio@srk.fi<\/a><\/p>\n","protected":false},"excerpt":{"rendered":"<p>Kes\u00e4seuraradion taajuus Jyv\u00e4skyl\u00e4ss\u00e4 on 98,8 MHz, muut taajuudet n\u00e4et t\u00e4\u00e4lt\u00e4. L\u00e4hetyst\u00e4 voi kuunnella my\u00f6s nettiradiosta sek\u00e4 Youtubessa SRKnyt-kanavalta. Kanavan t\u00e4rkeint\u00e4 ohjelmasis\u00e4lt\u00f6\u00e4 ovat seurapuheet, virret ja laulut. Seurojen v\u00e4liajalla l\u00e4hetett\u00e4v\u00e4t ohjelmat tukevat uskosta nousevaa opetusta ja el\u00e4m\u00e4\u00e4. Kes\u00e4seuraradiosta kuulet Suviseurat Reisj\u00e4rvelt\u00e4 ja opistoseurat J\u00e4ms\u00e4st\u00e4, Ranualta ja Reisj\u00e4rvelt\u00e4 sek\u00e4 l\u00e4hetykset sisarj\u00e4rjest\u00f6jen LLC:n &#8230;<\/p>\n","protected":false},"author":118,"featured_media":0,"comment_status":"closed","ping_status":"open","sticky":false,"template":"","format":"standard","meta":{"footnotes":""},"categories":[1],"tags":[],"class_list":["post-812","post","type-post","status-publish","format-standard","hentry","category-ajankohtaista"],"_links":{"self":[{"href":"https:\/\/paivitys.rauhanyhdistys.fi\/jyvaskyla\/wp-json\/wp\/v2\/posts\/812","targetHints":{"allow":["GET"]}}],"collection":[{"href":"https:\/\/paivitys.rauhanyhdistys.fi\/jyvaskyla\/wp-json\/wp\/v2\/posts"}],"about":[{"href":"https:\/\/paivitys.rauhanyhdistys.fi\/jyvaskyla\/wp-json\/wp\/v2\/types\/post"}],"author":[{"embeddable":true,"href":"https:\/\/paivitys.rauhanyhdistys.fi\/jyvaskyla\/wp-json\/wp\/v2\/users\/118"}],"replies":[{"embeddable":true,"href":"https:\/\/paivitys.rauhanyhdistys.fi\/jyvaskyla\/wp-json\/wp\/v2\/comments?post=812"}],"version-history":[{"count":1,"href":"https:\/\/paivitys.rauhanyhdistys.fi\/jyvaskyla\/wp-json\/wp\/v2\/posts\/812\/revisions"}],"predecessor-version":[{"id":813,"href":"https:\/\/paivitys.rauhanyhdistys.fi\/jyvaskyla\/wp-json\/wp\/v2\/posts\/812\/revisions\/813"}],"wp:attachment":[{"href":"https:\/\/paivitys.rauhanyhdistys.fi\/jyvaskyla\/wp-json\/wp\/v2\/media?parent=812"}],"wp:term":[{"taxonomy":"category","embeddable":true,"href":"https:\/\/paivitys.rauhanyhdistys.fi\/jyvaskyla\/wp-json\/wp\/v2\/categories?post=812"},{"taxonomy":"post_tag","embeddable":true,"href":"https:\/\/paivitys.rauhanyhdistys.fi\/jyvaskyla\/wp-json\/wp\/v2\/tags?post=812"}],"curies":[{"name":"wp","href":"https:\/\/api.w.org\/{rel}","templated":true}]}}