{"id":644,"date":"2020-11-14T14:47:28","date_gmt":"2020-11-14T12:47:28","guid":{"rendered":"https:\/\/paivitys.rauhanyhdistys.fi\/jyvaskyla\/?p=644"},"modified":"2020-12-03T17:27:11","modified_gmt":"2020-12-03T15:27:11","slug":"joulumyyjaiset-netissa","status":"publish","type":"post","link":"https:\/\/paivitys.rauhanyhdistys.fi\/jyvaskyla\/2020\/11\/14\/joulumyyjaiset-netissa\/","title":{"rendered":"Joulumyyj\u00e4iset netiss\u00e4"},"content":{"rendered":"<p><a href=\"https:\/\/docs.google.com\/forms\/d\/e\/1FAIpQLSeBVxemBB7DdUyfA710ReXcDz_26WmTGdPjnrwdv7SsaBE7pg\/viewform\"><img decoding=\"async\" class=\"alignnone wp-image-651 \" src=\"https:\/\/paivitys.rauhanyhdistys.fi\/jyvaskyla\/wp-content\/uploads\/sites\/85\/2020\/11\/Joulumyyja\u0308iset-1B-201x300.png\" alt=\"\" width=\"335\" height=\"500\" srcset=\"https:\/\/paivitys.rauhanyhdistys.fi\/jyvaskyla\/wp-content\/uploads\/sites\/85\/2020\/11\/Joulumyyja\u0308iset-1B-200x299.png 200w, https:\/\/paivitys.rauhanyhdistys.fi\/jyvaskyla\/wp-content\/uploads\/sites\/85\/2020\/11\/Joulumyyja\u0308iset-1B-201x300.png 201w, https:\/\/paivitys.rauhanyhdistys.fi\/jyvaskyla\/wp-content\/uploads\/sites\/85\/2020\/11\/Joulumyyja\u0308iset-1B-400x598.png 400w, https:\/\/paivitys.rauhanyhdistys.fi\/jyvaskyla\/wp-content\/uploads\/sites\/85\/2020\/11\/Joulumyyja\u0308iset-1B.png 445w\" sizes=\"(max-width: 335px) 100vw, 335px\" \/><\/a><a href=\"https:\/\/docs.google.com\/forms\/d\/e\/1FAIpQLSeBVxemBB7DdUyfA710ReXcDz_26WmTGdPjnrwdv7SsaBE7pg\/viewform\"><img decoding=\"async\" class=\"alignnone wp-image-648\" src=\"https:\/\/paivitys.rauhanyhdistys.fi\/jyvaskyla\/wp-content\/uploads\/sites\/85\/2020\/11\/Joulumyyja\u0308iset-2-201x300.png\" alt=\"\" width=\"335\" height=\"500\" srcset=\"https:\/\/paivitys.rauhanyhdistys.fi\/jyvaskyla\/wp-content\/uploads\/sites\/85\/2020\/11\/Joulumyyja\u0308iset-2-200x299.png 200w, https:\/\/paivitys.rauhanyhdistys.fi\/jyvaskyla\/wp-content\/uploads\/sites\/85\/2020\/11\/Joulumyyja\u0308iset-2-201x300.png 201w, https:\/\/paivitys.rauhanyhdistys.fi\/jyvaskyla\/wp-content\/uploads\/sites\/85\/2020\/11\/Joulumyyja\u0308iset-2-400x598.png 400w, https:\/\/paivitys.rauhanyhdistys.fi\/jyvaskyla\/wp-content\/uploads\/sites\/85\/2020\/11\/Joulumyyja\u0308iset-2.png 445w\" sizes=\"(max-width: 335px) 100vw, 335px\" \/><\/a><\/p>\n<p>Joulumyyj\u00e4istuotteiden varausaika p\u00e4\u00e4ttyi 1.12.2020. Voit kuitenkin varata viel\u00e4 arpoja <a href=\"https:\/\/docs.google.com\/forms\/d\/e\/1FAIpQLSeBVxemBB7DdUyfA710ReXcDz_26WmTGdPjnrwdv7SsaBE7pg\/viewform\">t\u00e4\u00e4lt\u00e4.<\/a><\/p>\n<p>Varatut tuotteet noudetaan ja maksetaan la 12.12.2020 klo 14 &#8211; 17. My\u00f6s arvat tulee k\u00e4yd\u00e4 maksamassa la 12.12.2020 klo 17 menness\u00e4. Maksuv\u00e4linein\u00e4 k\u00e4yv\u00e4t k\u00e4teinen sek\u00e4 yleisimm\u00e4t pankki- ja luottokortit.<\/p>\n<p>Julkaisumyym\u00e4l\u00e4 on avoinna myyj\u00e4istuotteiden noutoaikana klo 14 &#8211; 17. Tule joululahjaostoksille!<\/p>\n<p>&nbsp;<\/p>\n<p><em>P\u00e4ivitetty 3.12.2020<\/em><\/p>\n","protected":false},"excerpt":{"rendered":"<p>Joulumyyj\u00e4istuotteiden varausaika p\u00e4\u00e4ttyi 1.12.2020. Voit kuitenkin varata viel\u00e4 arpoja t\u00e4\u00e4lt\u00e4. Varatut tuotteet noudetaan ja maksetaan la 12.12.2020 klo 14 &#8211; 17. My\u00f6s arvat tulee k\u00e4yd\u00e4 maksamassa la 12.12.2020 klo 17 menness\u00e4. Maksuv\u00e4linein\u00e4 k\u00e4yv\u00e4t k\u00e4teinen sek\u00e4 yleisimm\u00e4t pankki- ja luottokortit. Julkaisumyym\u00e4l\u00e4 on avoinna myyj\u00e4istuotteiden noutoaikana klo 14 &#8211; 17. Tule joululahjaostoksille! &#8230;<\/p>\n","protected":false},"author":118,"featured_media":0,"comment_status":"closed","ping_status":"open","sticky":false,"template":"","format":"standard","meta":{"footnotes":""},"categories":[1],"tags":[],"class_list":["post-644","post","type-post","status-publish","format-standard","hentry","category-ajankohtaista"],"_links":{"self":[{"href":"https:\/\/paivitys.rauhanyhdistys.fi\/jyvaskyla\/wp-json\/wp\/v2\/posts\/644","targetHints":{"allow":["GET"]}}],"collection":[{"href":"https:\/\/paivitys.rauhanyhdistys.fi\/jyvaskyla\/wp-json\/wp\/v2\/posts"}],"about":[{"href":"https:\/\/paivitys.rauhanyhdistys.fi\/jyvaskyla\/wp-json\/wp\/v2\/types\/post"}],"author":[{"embeddable":true,"href":"https:\/\/paivitys.rauhanyhdistys.fi\/jyvaskyla\/wp-json\/wp\/v2\/users\/118"}],"replies":[{"embeddable":true,"href":"https:\/\/paivitys.rauhanyhdistys.fi\/jyvaskyla\/wp-json\/wp\/v2\/comments?post=644"}],"version-history":[{"count":19,"href":"https:\/\/paivitys.rauhanyhdistys.fi\/jyvaskyla\/wp-json\/wp\/v2\/posts\/644\/revisions"}],"predecessor-version":[{"id":681,"href":"https:\/\/paivitys.rauhanyhdistys.fi\/jyvaskyla\/wp-json\/wp\/v2\/posts\/644\/revisions\/681"}],"wp:attachment":[{"href":"https:\/\/paivitys.rauhanyhdistys.fi\/jyvaskyla\/wp-json\/wp\/v2\/media?parent=644"}],"wp:term":[{"taxonomy":"category","embeddable":true,"href":"https:\/\/paivitys.rauhanyhdistys.fi\/jyvaskyla\/wp-json\/wp\/v2\/categories?post=644"},{"taxonomy":"post_tag","embeddable":true,"href":"https:\/\/paivitys.rauhanyhdistys.fi\/jyvaskyla\/wp-json\/wp\/v2\/tags?post=644"}],"curies":[{"name":"wp","href":"https:\/\/api.w.org\/{rel}","templated":true}]}}