{"id":555,"date":"2020-09-02T16:43:11","date_gmt":"2020-09-02T13:43:11","guid":{"rendered":"https:\/\/paivitys.rauhanyhdistys.fi\/jyvaskyla\/?p=555"},"modified":"2020-10-19T19:41:05","modified_gmt":"2020-10-19T16:41:05","slug":"tiedote","status":"publish","type":"post","link":"https:\/\/paivitys.rauhanyhdistys.fi\/jyvaskyla\/2020\/09\/02\/tiedote\/","title":{"rendered":"Tiedote pandemia-ajan salijaoista ja erityisj\u00e4rjestelyist\u00e4 rauhanyhdistyksell\u00e4"},"content":{"rendered":"<p>Turvallisuuden takaamiseksi rauhanyhdistyksell\u00e4 noudatetaan erityisj\u00e4rjestelyj\u00e4. Riskiryhm\u00e4l\u00e4isille on varattu seurasalin oikeanpuolimmaiset penkkirivit. Riskiryhm\u00e4l\u00e4iset saapuvat seuroihin p\u00e4\u00e4ovista eli salin takaosan ovista ja k\u00e4ytt\u00e4v\u00e4t salin takaosan vessoja. Muut kuin riskiryhm\u00e4\u00e4n kuuluvat seuravieraat saapuvat seuroihin salin etuosan ovesta, talon toiselta puolelta. Heille on varattu salin keskiosan sek\u00e4 vasemman puolen penkit ja he k\u00e4ytt\u00e4v\u00e4t salin etuosan vessoja.<\/p>\n<p><img decoding=\"async\" class=\"alignnone size-medium wp-image-514\" src=\"https:\/\/paivitys.rauhanyhdistys.fi\/jyvaskyla\/wp-content\/uploads\/sites\/85\/2020\/07\/676C15EA-1A13-4C1A-888A-283516402C31-300x169.jpeg\" alt=\"\" width=\"300\" height=\"169\" srcset=\"https:\/\/paivitys.rauhanyhdistys.fi\/jyvaskyla\/wp-content\/uploads\/sites\/85\/2020\/07\/676C15EA-1A13-4C1A-888A-283516402C31-200x113.jpeg 200w, https:\/\/paivitys.rauhanyhdistys.fi\/jyvaskyla\/wp-content\/uploads\/sites\/85\/2020\/07\/676C15EA-1A13-4C1A-888A-283516402C31-300x169.jpeg 300w, https:\/\/paivitys.rauhanyhdistys.fi\/jyvaskyla\/wp-content\/uploads\/sites\/85\/2020\/07\/676C15EA-1A13-4C1A-888A-283516402C31-400x225.jpeg 400w, https:\/\/paivitys.rauhanyhdistys.fi\/jyvaskyla\/wp-content\/uploads\/sites\/85\/2020\/07\/676C15EA-1A13-4C1A-888A-283516402C31-600x338.jpeg 600w, https:\/\/paivitys.rauhanyhdistys.fi\/jyvaskyla\/wp-content\/uploads\/sites\/85\/2020\/07\/676C15EA-1A13-4C1A-888A-283516402C31-768x432.jpeg 768w, https:\/\/paivitys.rauhanyhdistys.fi\/jyvaskyla\/wp-content\/uploads\/sites\/85\/2020\/07\/676C15EA-1A13-4C1A-888A-283516402C31-800x450.jpeg 800w, https:\/\/paivitys.rauhanyhdistys.fi\/jyvaskyla\/wp-content\/uploads\/sites\/85\/2020\/07\/676C15EA-1A13-4C1A-888A-283516402C31-1024x576.jpeg 1024w, https:\/\/paivitys.rauhanyhdistys.fi\/jyvaskyla\/wp-content\/uploads\/sites\/85\/2020\/07\/676C15EA-1A13-4C1A-888A-283516402C31-1200x675.jpeg 1200w, https:\/\/paivitys.rauhanyhdistys.fi\/jyvaskyla\/wp-content\/uploads\/sites\/85\/2020\/07\/676C15EA-1A13-4C1A-888A-283516402C31-1536x864.jpeg 1536w, https:\/\/paivitys.rauhanyhdistys.fi\/jyvaskyla\/wp-content\/uploads\/sites\/85\/2020\/07\/676C15EA-1A13-4C1A-888A-283516402C31.jpeg 1600w\" sizes=\"(max-width: 300px) 100vw, 300px\" \/><\/p>\n<p>Lis\u00e4ksi kaikkien on t\u00e4rke\u00e4\u00e4 noudattaa seuraavia ohjeita:<\/p>\n<ul class=\"lst-kix_g8mhgmybsuxb-0 start\">\n<li>Tulethan seuroihin vain oireettomana<\/li>\n<li>Emme k\u00e4ttele<\/li>\n<\/ul>\n<ul class=\"lst-kix_kigw2jqhtqte-0 start\">\n<li>Pid\u00e4mme v\u00e4hint\u00e4\u00e4n metrin turvav\u00e4lit toisiimme<\/li>\n<li>Pese k\u00e4det tai k\u00e4yt\u00e4 k\u00e4sidesi\u00e4 seuroihin tullessa<\/li>\n<li>Yski nen\u00e4liinaan tai hihaan<\/li>\n<\/ul>\n<p>Kahvituksia ei toistaiseksi j\u00e4rjestet\u00e4. Muu rauhanyhdistyksen toiminta k\u00e4ynnistet\u00e4\u00e4n mahdollisuuksien mukaan my\u00f6hemmin.<\/p>\n<p>L\u00e4mpim\u00e4sti tervetuloa seuroihin!<\/p>\n","protected":false},"excerpt":{"rendered":"<p>Turvallisuuden takaamiseksi rauhanyhdistyksell\u00e4 noudatetaan erityisj\u00e4rjestelyj\u00e4. Riskiryhm\u00e4l\u00e4isille on varattu seurasalin oikeanpuolimmaiset penkkirivit. Riskiryhm\u00e4l\u00e4iset saapuvat seuroihin p\u00e4\u00e4ovista eli salin takaosan ovista ja k\u00e4ytt\u00e4v\u00e4t salin takaosan vessoja. Muut kuin riskiryhm\u00e4\u00e4n kuuluvat seuravieraat saapuvat seuroihin salin etuosan ovesta, talon toiselta puolelta. Heille on varattu salin keskiosan sek\u00e4 vasemman puolen penkit ja he k\u00e4ytt\u00e4v\u00e4t salin &#8230;<\/p>\n","protected":false},"author":118,"featured_media":0,"comment_status":"closed","ping_status":"open","sticky":false,"template":"","format":"standard","meta":{"footnotes":""},"categories":[1],"tags":[],"class_list":["post-555","post","type-post","status-publish","format-standard","hentry","category-ajankohtaista"],"_links":{"self":[{"href":"https:\/\/paivitys.rauhanyhdistys.fi\/jyvaskyla\/wp-json\/wp\/v2\/posts\/555","targetHints":{"allow":["GET"]}}],"collection":[{"href":"https:\/\/paivitys.rauhanyhdistys.fi\/jyvaskyla\/wp-json\/wp\/v2\/posts"}],"about":[{"href":"https:\/\/paivitys.rauhanyhdistys.fi\/jyvaskyla\/wp-json\/wp\/v2\/types\/post"}],"author":[{"embeddable":true,"href":"https:\/\/paivitys.rauhanyhdistys.fi\/jyvaskyla\/wp-json\/wp\/v2\/users\/118"}],"replies":[{"embeddable":true,"href":"https:\/\/paivitys.rauhanyhdistys.fi\/jyvaskyla\/wp-json\/wp\/v2\/comments?post=555"}],"version-history":[{"count":5,"href":"https:\/\/paivitys.rauhanyhdistys.fi\/jyvaskyla\/wp-json\/wp\/v2\/posts\/555\/revisions"}],"predecessor-version":[{"id":624,"href":"https:\/\/paivitys.rauhanyhdistys.fi\/jyvaskyla\/wp-json\/wp\/v2\/posts\/555\/revisions\/624"}],"wp:attachment":[{"href":"https:\/\/paivitys.rauhanyhdistys.fi\/jyvaskyla\/wp-json\/wp\/v2\/media?parent=555"}],"wp:term":[{"taxonomy":"category","embeddable":true,"href":"https:\/\/paivitys.rauhanyhdistys.fi\/jyvaskyla\/wp-json\/wp\/v2\/categories?post=555"},{"taxonomy":"post_tag","embeddable":true,"href":"https:\/\/paivitys.rauhanyhdistys.fi\/jyvaskyla\/wp-json\/wp\/v2\/tags?post=555"}],"curies":[{"name":"wp","href":"https:\/\/api.w.org\/{rel}","templated":true}]}}