{"id":1643,"date":"2025-09-07T15:13:55","date_gmt":"2025-09-07T12:13:55","guid":{"rendered":"https:\/\/paivitys.rauhanyhdistys.fi\/jyvaskyla\/?p=1643"},"modified":"2025-09-07T15:13:55","modified_gmt":"2025-09-07T12:13:55","slug":"kiinteistoilta-25-9-klo-18-jyvaskylan-rauhanyhdistys","status":"publish","type":"post","link":"https:\/\/paivitys.rauhanyhdistys.fi\/jyvaskyla\/2025\/09\/07\/kiinteistoilta-25-9-klo-18-jyvaskylan-rauhanyhdistys\/","title":{"rendered":"Kiinteist\u00f6ilta 25.9. klo 18 Jyv\u00e4skyl\u00e4n rauhanyhdistys"},"content":{"rendered":"<p>Johtokunta j\u00e4rjest\u00e4\u00e4 rauhanyhdistyksen j\u00e4senille kiinteist\u00f6illan, jossa esitell\u00e4\u00e4n rauhanyhdistyksen toimitalon ja muiden kiinteist\u00f6jen nykytilaa ja tulevaisuudenn\u00e4kymi\u00e4 sek\u00e4 keskustella niist\u00e4 yhdess\u00e4. Illan kiinteist\u00f6ihin liittyv\u00e4 puheenvuoro l\u00e4hetet\u00e4\u00e4n my\u00f6s Youtuben kautta.<\/p>\n<p>Tervetuloa!<\/p>\n","protected":false},"excerpt":{"rendered":"<p>Johtokunta j\u00e4rjest\u00e4\u00e4 rauhanyhdistyksen j\u00e4senille kiinteist\u00f6illan, jossa esitell\u00e4\u00e4n rauhanyhdistyksen toimitalon ja muiden kiinteist\u00f6jen nykytilaa ja tulevaisuudenn\u00e4kymi\u00e4 sek\u00e4 keskustella niist\u00e4 yhdess\u00e4. Illan kiinteist\u00f6ihin liittyv\u00e4 puheenvuoro l\u00e4hetet\u00e4\u00e4n my\u00f6s Youtuben kautta. Tervetuloa!<\/p>\n","protected":false},"author":215,"featured_media":0,"comment_status":"closed","ping_status":"open","sticky":false,"template":"","format":"standard","meta":{"footnotes":""},"categories":[1],"tags":[],"class_list":["post-1643","post","type-post","status-publish","format-standard","hentry","category-ajankohtaista"],"_links":{"self":[{"href":"https:\/\/paivitys.rauhanyhdistys.fi\/jyvaskyla\/wp-json\/wp\/v2\/posts\/1643","targetHints":{"allow":["GET"]}}],"collection":[{"href":"https:\/\/paivitys.rauhanyhdistys.fi\/jyvaskyla\/wp-json\/wp\/v2\/posts"}],"about":[{"href":"https:\/\/paivitys.rauhanyhdistys.fi\/jyvaskyla\/wp-json\/wp\/v2\/types\/post"}],"author":[{"embeddable":true,"href":"https:\/\/paivitys.rauhanyhdistys.fi\/jyvaskyla\/wp-json\/wp\/v2\/users\/215"}],"replies":[{"embeddable":true,"href":"https:\/\/paivitys.rauhanyhdistys.fi\/jyvaskyla\/wp-json\/wp\/v2\/comments?post=1643"}],"version-history":[{"count":1,"href":"https:\/\/paivitys.rauhanyhdistys.fi\/jyvaskyla\/wp-json\/wp\/v2\/posts\/1643\/revisions"}],"predecessor-version":[{"id":1644,"href":"https:\/\/paivitys.rauhanyhdistys.fi\/jyvaskyla\/wp-json\/wp\/v2\/posts\/1643\/revisions\/1644"}],"wp:attachment":[{"href":"https:\/\/paivitys.rauhanyhdistys.fi\/jyvaskyla\/wp-json\/wp\/v2\/media?parent=1643"}],"wp:term":[{"taxonomy":"category","embeddable":true,"href":"https:\/\/paivitys.rauhanyhdistys.fi\/jyvaskyla\/wp-json\/wp\/v2\/categories?post=1643"},{"taxonomy":"post_tag","embeddable":true,"href":"https:\/\/paivitys.rauhanyhdistys.fi\/jyvaskyla\/wp-json\/wp\/v2\/tags?post=1643"}],"curies":[{"name":"wp","href":"https:\/\/api.w.org\/{rel}","templated":true}]}}