{"id":1507,"date":"2025-04-24T17:06:34","date_gmt":"2025-04-24T14:06:34","guid":{"rendered":"https:\/\/paivitys.rauhanyhdistys.fi\/jyvaskyla\/?p=1507"},"modified":"2025-04-24T17:06:34","modified_gmt":"2025-04-24T14:06:34","slug":"koko-perheen-vapputapahtuma-rylla-1-5-klo-12","status":"publish","type":"post","link":"https:\/\/paivitys.rauhanyhdistys.fi\/jyvaskyla\/2025\/04\/24\/koko-perheen-vapputapahtuma-rylla-1-5-klo-12\/","title":{"rendered":"Koko perheen vapputapahtuma ry:ll\u00e4 1.5. klo 12"},"content":{"rendered":"<div class=\"p-rich_text_section\">Tapahtuma alkaa ruokailulla klo 12.00 (tarjolla makkaraperuna tai<br \/>\nsalaatti &amp; patonki). Lis\u00e4ksi ohjelmassa on:<\/div>\n<ul class=\"p-rich_text_list p-rich_text_list__bullet p-rich_text_list--nested\" data-stringify-type=\"unordered-list\" data-list-tree=\"true\" data-indent=\"0\" data-border=\"0\">\n<li data-stringify-indent=\"0\" data-stringify-border=\"0\">\u00a0munkkia ja simaa<\/li>\n<li data-stringify-indent=\"0\" data-stringify-border=\"0\">\u00a0herkku- ja kioskipuffetti<\/li>\n<li data-stringify-indent=\"0\" data-stringify-border=\"0\">\u00a0tekemist\u00e4 kaikenik\u00e4isille<\/li>\n<li data-stringify-indent=\"0\" data-stringify-border=\"0\">\u00a0yhteislaulua ja kev\u00e4isi\u00e4 s\u00e4veli\u00e4<\/li>\n<\/ul>\n","protected":false},"excerpt":{"rendered":"<p>Tapahtuma alkaa ruokailulla klo 12.00 (tarjolla makkaraperuna tai salaatti &amp; patonki). Lis\u00e4ksi ohjelmassa on: \u00a0munkkia ja simaa \u00a0herkku- ja kioskipuffetti \u00a0tekemist\u00e4 kaikenik\u00e4isille \u00a0yhteislaulua ja kev\u00e4isi\u00e4 s\u00e4veli\u00e4<\/p>\n","protected":false},"author":215,"featured_media":1508,"comment_status":"closed","ping_status":"open","sticky":false,"template":"","format":"standard","meta":{"footnotes":""},"categories":[1],"tags":[],"class_list":["post-1507","post","type-post","status-publish","format-standard","has-post-thumbnail","hentry","category-ajankohtaista"],"_links":{"self":[{"href":"https:\/\/paivitys.rauhanyhdistys.fi\/jyvaskyla\/wp-json\/wp\/v2\/posts\/1507","targetHints":{"allow":["GET"]}}],"collection":[{"href":"https:\/\/paivitys.rauhanyhdistys.fi\/jyvaskyla\/wp-json\/wp\/v2\/posts"}],"about":[{"href":"https:\/\/paivitys.rauhanyhdistys.fi\/jyvaskyla\/wp-json\/wp\/v2\/types\/post"}],"author":[{"embeddable":true,"href":"https:\/\/paivitys.rauhanyhdistys.fi\/jyvaskyla\/wp-json\/wp\/v2\/users\/215"}],"replies":[{"embeddable":true,"href":"https:\/\/paivitys.rauhanyhdistys.fi\/jyvaskyla\/wp-json\/wp\/v2\/comments?post=1507"}],"version-history":[{"count":1,"href":"https:\/\/paivitys.rauhanyhdistys.fi\/jyvaskyla\/wp-json\/wp\/v2\/posts\/1507\/revisions"}],"predecessor-version":[{"id":1509,"href":"https:\/\/paivitys.rauhanyhdistys.fi\/jyvaskyla\/wp-json\/wp\/v2\/posts\/1507\/revisions\/1509"}],"wp:featuredmedia":[{"embeddable":true,"href":"https:\/\/paivitys.rauhanyhdistys.fi\/jyvaskyla\/wp-json\/wp\/v2\/media\/1508"}],"wp:attachment":[{"href":"https:\/\/paivitys.rauhanyhdistys.fi\/jyvaskyla\/wp-json\/wp\/v2\/media?parent=1507"}],"wp:term":[{"taxonomy":"category","embeddable":true,"href":"https:\/\/paivitys.rauhanyhdistys.fi\/jyvaskyla\/wp-json\/wp\/v2\/categories?post=1507"},{"taxonomy":"post_tag","embeddable":true,"href":"https:\/\/paivitys.rauhanyhdistys.fi\/jyvaskyla\/wp-json\/wp\/v2\/tags?post=1507"}],"curies":[{"name":"wp","href":"https:\/\/api.w.org\/{rel}","templated":true}]}}