{"id":1441,"date":"2025-01-30T23:41:53","date_gmt":"2025-01-30T21:41:53","guid":{"rendered":"https:\/\/paivitys.rauhanyhdistys.fi\/jyvaskyla\/?p=1441"},"modified":"2025-02-09T13:24:44","modified_gmt":"2025-02-09T11:24:44","slug":"saantomaarainen-vuosikokous-15-2","status":"publish","type":"post","link":"https:\/\/paivitys.rauhanyhdistys.fi\/jyvaskyla\/2025\/01\/30\/saantomaarainen-vuosikokous-15-2\/","title":{"rendered":"S\u00e4\u00e4nt\u00f6m\u00e4\u00e4r\u00e4inen VUOSIKOKOUS 15.2."},"content":{"rendered":"<p>Jyv\u00e4skyl\u00e4n Rauhanyhdistys ry:n <strong>s\u00e4\u00e4nt\u00f6m\u00e4\u00e4r\u00e4inen VUOSIKOKOUS<\/strong> pidet\u00e4\u00e4n toimitalolla lauantaina 15.2.2025 klo 18.<\/p>\n<p>Esill\u00e4 ovat s\u00e4\u00e4nt\u00f6m\u00e4\u00e4r\u00e4iset asiat sek\u00e4 vakuudettoman lainan my\u00f6nt\u00e4minen Kauhavan vuoden 2026 suviseuraorganisaatiolle.<\/p>\n<p>Tervetuloa!<\/p>\n<p><em>Johtokunta<\/em><\/p>\n","protected":false},"excerpt":{"rendered":"<p>Jyv\u00e4skyl\u00e4n Rauhanyhdistys ry:n s\u00e4\u00e4nt\u00f6m\u00e4\u00e4r\u00e4inen VUOSIKOKOUS pidet\u00e4\u00e4n toimitalolla lauantaina 15.2.2025 klo 18. Esill\u00e4 ovat s\u00e4\u00e4nt\u00f6m\u00e4\u00e4r\u00e4iset asiat sek\u00e4 vakuudettoman lainan my\u00f6nt\u00e4minen Kauhavan vuoden 2026 suviseuraorganisaatiolle. Tervetuloa! Johtokunta<\/p>\n","protected":false},"author":215,"featured_media":1447,"comment_status":"closed","ping_status":"open","sticky":false,"template":"","format":"standard","meta":{"footnotes":""},"categories":[1],"tags":[],"class_list":["post-1441","post","type-post","status-publish","format-standard","has-post-thumbnail","hentry","category-ajankohtaista"],"_links":{"self":[{"href":"https:\/\/paivitys.rauhanyhdistys.fi\/jyvaskyla\/wp-json\/wp\/v2\/posts\/1441","targetHints":{"allow":["GET"]}}],"collection":[{"href":"https:\/\/paivitys.rauhanyhdistys.fi\/jyvaskyla\/wp-json\/wp\/v2\/posts"}],"about":[{"href":"https:\/\/paivitys.rauhanyhdistys.fi\/jyvaskyla\/wp-json\/wp\/v2\/types\/post"}],"author":[{"embeddable":true,"href":"https:\/\/paivitys.rauhanyhdistys.fi\/jyvaskyla\/wp-json\/wp\/v2\/users\/215"}],"replies":[{"embeddable":true,"href":"https:\/\/paivitys.rauhanyhdistys.fi\/jyvaskyla\/wp-json\/wp\/v2\/comments?post=1441"}],"version-history":[{"count":4,"href":"https:\/\/paivitys.rauhanyhdistys.fi\/jyvaskyla\/wp-json\/wp\/v2\/posts\/1441\/revisions"}],"predecessor-version":[{"id":1451,"href":"https:\/\/paivitys.rauhanyhdistys.fi\/jyvaskyla\/wp-json\/wp\/v2\/posts\/1441\/revisions\/1451"}],"wp:featuredmedia":[{"embeddable":true,"href":"https:\/\/paivitys.rauhanyhdistys.fi\/jyvaskyla\/wp-json\/wp\/v2\/media\/1447"}],"wp:attachment":[{"href":"https:\/\/paivitys.rauhanyhdistys.fi\/jyvaskyla\/wp-json\/wp\/v2\/media?parent=1441"}],"wp:term":[{"taxonomy":"category","embeddable":true,"href":"https:\/\/paivitys.rauhanyhdistys.fi\/jyvaskyla\/wp-json\/wp\/v2\/categories?post=1441"},{"taxonomy":"post_tag","embeddable":true,"href":"https:\/\/paivitys.rauhanyhdistys.fi\/jyvaskyla\/wp-json\/wp\/v2\/tags?post=1441"}],"curies":[{"name":"wp","href":"https:\/\/api.w.org\/{rel}","templated":true}]}}