{"id":1202,"date":"2024-02-25T08:00:55","date_gmt":"2024-02-25T06:00:55","guid":{"rendered":"https:\/\/paivitys.rauhanyhdistys.fi\/jyvaskyla\/?p=1202"},"modified":"2024-02-23T16:25:32","modified_gmt":"2024-02-23T14:25:32","slug":"su-3-3-klo-16-opistokujalta-taulumaelle-50-vuotta-sitten","status":"publish","type":"post","link":"https:\/\/paivitys.rauhanyhdistys.fi\/jyvaskyla\/2024\/02\/25\/su-3-3-klo-16-opistokujalta-taulumaelle-50-vuotta-sitten\/","title":{"rendered":"Su 3.3. klo 16 \u2013 Opistokujalta Taulum\u00e4elle 50 vuotta sitten"},"content":{"rendered":"<p><span style=\"font-weight: 400\">Sunnuntaina <strong>3.3.<\/strong>2024 <strong>kello 16<\/strong> rauhanyhdistyksell\u00e4 muistellaan matkaa <\/span><span style=\"font-weight: 400\">Opistokujalta Taulum\u00e4elle 50 vuotta sitten.<\/span><\/p>\n<p><span style=\"font-weight: 400\">Ohjelmassa on muisteluita Opistokujalta, vaiheita toimitalon historiasta, sek\u00e4 musiikkiesitys. <\/span><\/p>\n<p><em><span style=\"font-weight: 400\">&#8221;Esitell\u00e4\u00e4n sanoin ja kuvin Jyv\u00e4skyl\u00e4n kristillisyyden alkuvaiheita, <\/span><span style=\"font-weight: 400\">rauhanyhdistyksen toimintaa, evankeliumin ty\u00f6t\u00e4 sek\u00e4 tekij\u00f6it\u00e4.&#8221;<\/span><\/em><\/p>\n<p><strong>Tervetuloa!<\/strong><\/p>\n","protected":false},"excerpt":{"rendered":"<p>Sunnuntaina 3.3.2024 kello 16 rauhanyhdistyksell\u00e4 muistellaan matkaa Opistokujalta Taulum\u00e4elle 50 vuotta sitten. Ohjelmassa on muisteluita Opistokujalta, vaiheita toimitalon historiasta, sek\u00e4 musiikkiesitys. &#8221;Esitell\u00e4\u00e4n sanoin ja kuvin Jyv\u00e4skyl\u00e4n kristillisyyden alkuvaiheita, rauhanyhdistyksen toimintaa, evankeliumin ty\u00f6t\u00e4 sek\u00e4 tekij\u00f6it\u00e4.&#8221; Tervetuloa!<\/p>\n","protected":false},"author":118,"featured_media":1206,"comment_status":"closed","ping_status":"open","sticky":false,"template":"","format":"standard","meta":{"footnotes":""},"categories":[1],"tags":[],"class_list":["post-1202","post","type-post","status-publish","format-standard","has-post-thumbnail","hentry","category-ajankohtaista"],"_links":{"self":[{"href":"https:\/\/paivitys.rauhanyhdistys.fi\/jyvaskyla\/wp-json\/wp\/v2\/posts\/1202","targetHints":{"allow":["GET"]}}],"collection":[{"href":"https:\/\/paivitys.rauhanyhdistys.fi\/jyvaskyla\/wp-json\/wp\/v2\/posts"}],"about":[{"href":"https:\/\/paivitys.rauhanyhdistys.fi\/jyvaskyla\/wp-json\/wp\/v2\/types\/post"}],"author":[{"embeddable":true,"href":"https:\/\/paivitys.rauhanyhdistys.fi\/jyvaskyla\/wp-json\/wp\/v2\/users\/118"}],"replies":[{"embeddable":true,"href":"https:\/\/paivitys.rauhanyhdistys.fi\/jyvaskyla\/wp-json\/wp\/v2\/comments?post=1202"}],"version-history":[{"count":3,"href":"https:\/\/paivitys.rauhanyhdistys.fi\/jyvaskyla\/wp-json\/wp\/v2\/posts\/1202\/revisions"}],"predecessor-version":[{"id":1207,"href":"https:\/\/paivitys.rauhanyhdistys.fi\/jyvaskyla\/wp-json\/wp\/v2\/posts\/1202\/revisions\/1207"}],"wp:featuredmedia":[{"embeddable":true,"href":"https:\/\/paivitys.rauhanyhdistys.fi\/jyvaskyla\/wp-json\/wp\/v2\/media\/1206"}],"wp:attachment":[{"href":"https:\/\/paivitys.rauhanyhdistys.fi\/jyvaskyla\/wp-json\/wp\/v2\/media?parent=1202"}],"wp:term":[{"taxonomy":"category","embeddable":true,"href":"https:\/\/paivitys.rauhanyhdistys.fi\/jyvaskyla\/wp-json\/wp\/v2\/categories?post=1202"},{"taxonomy":"post_tag","embeddable":true,"href":"https:\/\/paivitys.rauhanyhdistys.fi\/jyvaskyla\/wp-json\/wp\/v2\/tags?post=1202"}],"curies":[{"name":"wp","href":"https:\/\/api.w.org\/{rel}","templated":true}]}}