{"id":1084,"date":"2023-02-07T08:35:00","date_gmt":"2023-02-07T06:35:00","guid":{"rendered":"https:\/\/paivitys.rauhanyhdistys.fi\/jyvaskyla\/?p=1084"},"modified":"2023-02-07T08:35:00","modified_gmt":"2023-02-07T06:35:00","slug":"laskiaismyyjaiset-18-2","status":"publish","type":"post","link":"https:\/\/paivitys.rauhanyhdistys.fi\/jyvaskyla\/2023\/02\/07\/laskiaismyyjaiset-18-2\/","title":{"rendered":"Laskiaismyyj\u00e4iset 18.2."},"content":{"rendered":"<p><img decoding=\"async\" class=\"alignnone  wp-image-1085\" src=\"https:\/\/paivitys.rauhanyhdistys.fi\/jyvaskyla\/wp-content\/uploads\/sites\/85\/2023\/02\/Nayttokuva-2023-02-07-083357.jpg\" alt=\"\" width=\"882\" height=\"624\" srcset=\"https:\/\/paivitys.rauhanyhdistys.fi\/jyvaskyla\/wp-content\/uploads\/sites\/85\/2023\/02\/Nayttokuva-2023-02-07-083357-200x141.jpg 200w, https:\/\/paivitys.rauhanyhdistys.fi\/jyvaskyla\/wp-content\/uploads\/sites\/85\/2023\/02\/Nayttokuva-2023-02-07-083357-300x212.jpg 300w, https:\/\/paivitys.rauhanyhdistys.fi\/jyvaskyla\/wp-content\/uploads\/sites\/85\/2023\/02\/Nayttokuva-2023-02-07-083357-400x283.jpg 400w, https:\/\/paivitys.rauhanyhdistys.fi\/jyvaskyla\/wp-content\/uploads\/sites\/85\/2023\/02\/Nayttokuva-2023-02-07-083357-600x424.jpg 600w, https:\/\/paivitys.rauhanyhdistys.fi\/jyvaskyla\/wp-content\/uploads\/sites\/85\/2023\/02\/Nayttokuva-2023-02-07-083357-768x543.jpg 768w, https:\/\/paivitys.rauhanyhdistys.fi\/jyvaskyla\/wp-content\/uploads\/sites\/85\/2023\/02\/Nayttokuva-2023-02-07-083357-800x566.jpg 800w, https:\/\/paivitys.rauhanyhdistys.fi\/jyvaskyla\/wp-content\/uploads\/sites\/85\/2023\/02\/Nayttokuva-2023-02-07-083357-1024x724.jpg 1024w, https:\/\/paivitys.rauhanyhdistys.fi\/jyvaskyla\/wp-content\/uploads\/sites\/85\/2023\/02\/Nayttokuva-2023-02-07-083357-1200x849.jpg 1200w, https:\/\/paivitys.rauhanyhdistys.fi\/jyvaskyla\/wp-content\/uploads\/sites\/85\/2023\/02\/Nayttokuva-2023-02-07-083357.jpg 1388w\" sizes=\"(max-width: 882px) 100vw, 882px\" \/><\/p>\n<p><i><img decoding=\"async\" class=\"an1\" src=\"https:\/\/fonts.gstatic.com\/s\/e\/notoemoji\/15.0\/2728\/32.png\" alt=\"\u2728\" data-emoji=\"\u2728\" aria-label=\"\u2728\" \/>\u00a0Kun uskovainen Jacob Kesti kuoli vuonna 1922, sairaalan henkil\u00f6kunta ja muut potilaat kertoivat kuulleensa ihmeellist\u00e4 musiikkia. Se oli &#8221;niin hillitty\u00e4, henkev\u00e4\u00e4 ja syd\u00e4miin hiipiv\u00e4\u00e4, ett\u00e4 hoitajattaret olivat kuin lumottuja&#8221;\u00a0<img decoding=\"async\" class=\"an1\" src=\"https:\/\/fonts.gstatic.com\/s\/e\/notoemoji\/15.0\/1f3bc\/32.png\" alt=\"\ud83c\udfbc\" data-emoji=\"\ud83c\udfbc\" aria-label=\"\ud83c\udfbc\" \/><\/p>\n<p><img decoding=\"async\" class=\"an1\" src=\"https:\/\/fonts.gstatic.com\/s\/e\/notoemoji\/15.0\/2728\/32.png\" alt=\"\u2728\" data-emoji=\"\u2728\" aria-label=\"\u2728\" \/>\u00a0T\u00e4m\u00e4n ja muita kertomuksia sek\u00e4 niihin liittyv\u00e4\u00e4 musiikkia kuulet 18.2.2023 Tikkakosken Ry:n j\u00e4rjest\u00e4m\u00e4ss\u00e4 ohjelmallisessa iltakyl\u00e4ss\u00e4, jonka teemana on &#8221;Taivasta kohti&#8221;. Iltaohjelma alkaa klo 19.00. Ohjelman j\u00e4lkeen tarjolla on makkaraperunoita ja salaattia virvoitusjuomien kera\u00a0<img decoding=\"async\" class=\"an1\" src=\"https:\/\/fonts.gstatic.com\/s\/e\/notoemoji\/15.0\/1f35f\/32.png\" alt=\"\ud83c\udf5f\" data-emoji=\"\ud83c\udf5f\" aria-label=\"\ud83c\udf5f\" \/><img decoding=\"async\" class=\"an1\" src=\"https:\/\/fonts.gstatic.com\/s\/e\/notoemoji\/15.0\/1f964\/32.png\" alt=\"\ud83e\udd64\" data-emoji=\"\ud83e\udd64\" aria-label=\"\ud83e\udd64\" \/><\/p>\n<p><img decoding=\"async\" class=\"an1\" src=\"https:\/\/fonts.gstatic.com\/s\/e\/notoemoji\/15.0\/2728\/32.png\" alt=\"\u2728\" data-emoji=\"\u2728\" aria-label=\"\u2728\" \/>\u00a0Aiemmin samana p\u00e4iv\u00e4n\u00e4 Tikkakosken sisaret ja veljet haluavat tarjota parastaan kunnon laskiaismyyj\u00e4isten merkeiss\u00e4\u00a0<img decoding=\"async\" class=\"an1\" src=\"https:\/\/fonts.gstatic.com\/s\/e\/notoemoji\/15.0\/1f96e\/32.png\" alt=\"\ud83e\udd6e\" data-emoji=\"\ud83e\udd6e\" aria-label=\"\ud83e\udd6e\" \/><img decoding=\"async\" class=\"an1\" src=\"https:\/\/fonts.gstatic.com\/s\/e\/notoemoji\/15.0\/1f369\/32.png\" alt=\"\ud83c\udf69\" data-emoji=\"\ud83c\udf69\" aria-label=\"\ud83c\udf69\" \/><img decoding=\"async\" class=\"an1\" src=\"https:\/\/fonts.gstatic.com\/s\/e\/notoemoji\/15.0\/1f6d2\/32.png\" alt=\"\ud83d\uded2\" data-emoji=\"\ud83d\uded2\" aria-label=\"\ud83d\uded2\" \/>\u00a0Klo 13 alkaen on lounaaksi lohikeittoa ja kanapastaa. Myyntip\u00f6yd\u00e4t avataan klo 14.00. L\u00e4mpim\u00e4sti tervetuloa runsain joukoin molempiin\u00a0tapahtumiin!<\/i><\/p>\n<div class=\"yj6qo\"><\/div>\n<div class=\"adL\"><\/div>\n","protected":false},"excerpt":{"rendered":"<p>\u00a0Kun uskovainen Jacob Kesti kuoli vuonna 1922, sairaalan henkil\u00f6kunta ja muut potilaat kertoivat kuulleensa ihmeellist\u00e4 musiikkia. Se oli &#8221;niin hillitty\u00e4, henkev\u00e4\u00e4 ja syd\u00e4miin hiipiv\u00e4\u00e4, ett\u00e4 hoitajattaret olivat kuin lumottuja&#8221;\u00a0 \u00a0T\u00e4m\u00e4n ja muita kertomuksia sek\u00e4 niihin liittyv\u00e4\u00e4 musiikkia kuulet 18.2.2023 Tikkakosken Ry:n j\u00e4rjest\u00e4m\u00e4ss\u00e4 ohjelmallisessa iltakyl\u00e4ss\u00e4, jonka teemana on &#8221;Taivasta kohti&#8221;. Iltaohjelma &#8230;<\/p>\n","protected":false},"author":118,"featured_media":0,"comment_status":"closed","ping_status":"open","sticky":false,"template":"","format":"standard","meta":{"footnotes":""},"categories":[1],"tags":[],"class_list":["post-1084","post","type-post","status-publish","format-standard","hentry","category-ajankohtaista"],"_links":{"self":[{"href":"https:\/\/paivitys.rauhanyhdistys.fi\/jyvaskyla\/wp-json\/wp\/v2\/posts\/1084","targetHints":{"allow":["GET"]}}],"collection":[{"href":"https:\/\/paivitys.rauhanyhdistys.fi\/jyvaskyla\/wp-json\/wp\/v2\/posts"}],"about":[{"href":"https:\/\/paivitys.rauhanyhdistys.fi\/jyvaskyla\/wp-json\/wp\/v2\/types\/post"}],"author":[{"embeddable":true,"href":"https:\/\/paivitys.rauhanyhdistys.fi\/jyvaskyla\/wp-json\/wp\/v2\/users\/118"}],"replies":[{"embeddable":true,"href":"https:\/\/paivitys.rauhanyhdistys.fi\/jyvaskyla\/wp-json\/wp\/v2\/comments?post=1084"}],"version-history":[{"count":2,"href":"https:\/\/paivitys.rauhanyhdistys.fi\/jyvaskyla\/wp-json\/wp\/v2\/posts\/1084\/revisions"}],"predecessor-version":[{"id":1087,"href":"https:\/\/paivitys.rauhanyhdistys.fi\/jyvaskyla\/wp-json\/wp\/v2\/posts\/1084\/revisions\/1087"}],"wp:attachment":[{"href":"https:\/\/paivitys.rauhanyhdistys.fi\/jyvaskyla\/wp-json\/wp\/v2\/media?parent=1084"}],"wp:term":[{"taxonomy":"category","embeddable":true,"href":"https:\/\/paivitys.rauhanyhdistys.fi\/jyvaskyla\/wp-json\/wp\/v2\/categories?post=1084"},{"taxonomy":"post_tag","embeddable":true,"href":"https:\/\/paivitys.rauhanyhdistys.fi\/jyvaskyla\/wp-json\/wp\/v2\/tags?post=1084"}],"curies":[{"name":"wp","href":"https:\/\/api.w.org\/{rel}","templated":true}]}}